{"version":"https:\/\/jsonfeed.org\/version\/1","title":"iDalgo sport news feed - Bimedia","home_page_url":"https:\/\/www.bimedia.com","feed_url":"\/cache\/page\/common_jsfeed_news_v1.php","icon":"https:\/\/www.bimedia.com\/marmite\/img\/favicons\/favicon.ico","favicon":"https:\/\/www.bimedia.com\/marmite\/img\/favicons\/favicon.ico","expired":false,"author":{"name":"iDalgo - Press Agency Department - prod@idalgo.fr","url":"https:\/\/www.idalgo.fr"},"items":[{"id":"41952","title":"La passe de trois pour Brennan","content_text":"Matthew Brennan s'impose sur la onzi\u00e8me \u00e9tape de la Vuelta. Le Britannique remporte son troisi\u00e8me succ\u00e8s sur cette \u00e9dition 2026. La formation Visma | Lease a Bike a parfaitement contr\u00f4l\u00e9 cette \u00e9tape de plaine. Bryan Coquard et Jordi Meeus compl\u00e8tent le podium. Au classement g\u00e9n\u00e9ral, aucun changement majeur avant une douzi\u00e8me \u00e9tape exigeante sur les pentes de l'Andalousie.","date_published":"2026-09-03T00:18:00+02:00","date_modified":"2026-09-03T00:19:38+02:00","date_release":"2026-09-03T00:19:00+02:00","_surtitle":"Cyclisme - Vuelta","image":"https:\/\/media.api.idalgo.idalgo-hosting.com\/picture\/paper\/paper_addon_36025.jpg","author":{"name":"Thomas Chastang < >"}}],"_idalgo":{"language":"fr","customer":"bimedia","project":"news","section":"common","provider":"prod.i-dalgo.com","date_file":"2026-09-03T19:04:54+02:00"}}